{"id":10177,"date":"2025-02-06T18:59:46","date_gmt":"2025-02-06T17:59:46","guid":{"rendered":"https:\/\/toitsausoleil.org\/?p=10177"},"modified":"2025-04-28T17:15:29","modified_gmt":"2025-04-28T15:15:29","slug":"cowatt-en-fete-samedi-29-mars-2025","status":"publish","type":"post","link":"https:\/\/toitsausoleil.org\/index.php\/2025\/02\/06\/cowatt-en-fete-samedi-29-mars-2025\/","title":{"rendered":"CoWatt en f\u00eate: samedi 29 mars 2025"},"content":{"rendered":"\t\t<div data-elementor-type=\"wp-post\" data-elementor-id=\"10177\" class=\"elementor elementor-10177\">\n\t\t\t\t<div class=\"elementor-element elementor-element-6b4e094a e-flex e-con-boxed e-con e-parent\" data-id=\"6b4e094a\" data-element_type=\"container\">\n\t\t\t\t\t<div class=\"e-con-inner\">\n\t\t\t\t<div class=\"elementor-element elementor-element-4583bbb9 elementor-widget elementor-widget-text-editor\" data-id=\"4583bbb9\" data-element_type=\"widget\" data-widget_type=\"text-editor.default\">\n\t\t\t\t<div class=\"elementor-widget-container\">\n\t\t\t\t\t\t\t\t\t<p><\/p>\n<p><strong>Salle Vendrina \u00e0 Vendrennes<\/strong><\/p>\n<p><\/p>\n<p><strong>CoWatt c\u2019est nous\u00a0! Construisons l&#8217;avenir de CoWatt\u00a0!<\/strong><\/p>\n<p><\/p>\n<p>CoWatt en f\u00eate, c\u2019est LA journ\u00e9e pour d\u00e9couvrir les autres communaut\u00e9s CoWatt, leurs projets, mais aussi r\u00e9fl\u00e9chir \u00e0 l\u2019avenir de CoWatt et \u00e9changer collectivement sur les perspectives de la SAS CoWatt.<\/p>\n<p>\u00a0<\/p>\n<p>Tous les projets CoWatt ont le label \u00e9nergie Partag\u00e9e.<\/p>\n<p><\/p>\n<p><\/p>\t\t\t\t\t\t\t\t<\/div>\n\t\t\t\t<\/div>\n\t\t\t\t\t<\/div>\n\t\t\t\t<\/div>\n\t\t<div class=\"elementor-element elementor-element-70623b1 e-flex e-con-boxed e-con e-parent\" data-id=\"70623b1\" data-element_type=\"container\">\n\t\t\t\t\t<div class=\"e-con-inner\">\n\t\t\t\t<div class=\"elementor-element elementor-element-6a9e2c3 elementor-widget elementor-widget-image\" data-id=\"6a9e2c3\" data-element_type=\"widget\" data-widget_type=\"image.default\">\n\t\t\t\t<div class=\"elementor-widget-container\">\n\t\t\t\t\t\t\t\t\t\t\t\t<figure class=\"wp-caption\">\n\t\t\t\t\t\t\t\t\t\t<img fetchpriority=\"high\" decoding=\"async\" width=\"1024\" height=\"681\" src=\"https:\/\/toitsausoleil.org\/wp-content\/uploads\/2025\/02\/AG-RECIT-2025.089-1-1024x681.jpg\" class=\"attachment-large size-large wp-image-10240\" alt=\"\" srcset=\"https:\/\/toitsausoleil.org\/wp-content\/uploads\/2025\/02\/AG-RECIT-2025.089-1-1024x681.jpg 1024w, https:\/\/toitsausoleil.org\/wp-content\/uploads\/2025\/02\/AG-RECIT-2025.089-1-300x200.jpg 300w, https:\/\/toitsausoleil.org\/wp-content\/uploads\/2025\/02\/AG-RECIT-2025.089-1-768x511.jpg 768w, https:\/\/toitsausoleil.org\/wp-content\/uploads\/2025\/02\/AG-RECIT-2025.089-1-1536x1022.jpg 1536w, https:\/\/toitsausoleil.org\/wp-content\/uploads\/2025\/02\/AG-RECIT-2025.089-1-2048x1363.jpg 2048w\" sizes=\"(max-width: 1024px) 100vw, 1024px\" \/>\t\t\t\t\t\t\t\t\t\t\t<figcaption class=\"widget-image-caption wp-caption-text\">cr\u00e9dit photo Vincent Jacques<\/figcaption>\n\t\t\t\t\t\t\t\t\t\t<\/figure>\n\t\t\t\t\t\t\t\t\t<\/div>\n\t\t\t\t<\/div>\n\t\t\t\t\t<\/div>\n\t\t\t\t<\/div>\n\t\t<div class=\"elementor-element elementor-element-6c52697 e-flex e-con-boxed e-con e-parent\" data-id=\"6c52697\" data-element_type=\"container\">\n\t\t\t\t\t<div class=\"e-con-inner\">\n\t\t\t\t<div class=\"elementor-element elementor-element-9d903e8 elementor-widget elementor-widget-text-editor\" data-id=\"9d903e8\" data-element_type=\"widget\" data-widget_type=\"text-editor.default\">\n\t\t\t\t<div class=\"elementor-widget-container\">\n\t\t\t\t\t\t\t\t\t<p>Le r\u00e9sum\u00e9 de la f\u00eate c&#8217;est ici:<\/p>\n<p>\u00a0<\/p>\t\t\t\t\t\t\t\t<\/div>\n\t\t\t\t<\/div>\n\t\t\t\t\t<\/div>\n\t\t\t\t<\/div>\n\t\t<div class=\"elementor-element elementor-element-f792809 e-flex e-con-boxed e-con e-parent\" data-id=\"f792809\" data-element_type=\"container\">\n\t\t\t\t\t<div class=\"e-con-inner\">\n\t\t\t\t<div class=\"elementor-element elementor-element-d4ac5be elementor-widget elementor-widget-button\" data-id=\"d4ac5be\" data-element_type=\"widget\" data-widget_type=\"button.default\">\n\t\t\t\t<div class=\"elementor-widget-container\">\n\t\t\t\t\t\t\t\t\t<div class=\"elementor-button-wrapper\">\n\t\t\t\t\t<a class=\"elementor-button elementor-button-link elementor-size-sm\" href=\"https:\/\/cowatt.fr\/cowatt-en-fete-2025\/\">\n\t\t\t\t\t\t<span class=\"elementor-button-content-wrapper\">\n\t\t\t\t\t\t\t\t\t<span class=\"elementor-button-text\">Cowatt en f\u00eate 2025<\/span>\n\t\t\t\t\t<\/span>\n\t\t\t\t\t<\/a>\n\t\t\t\t<\/div>\n\t\t\t\t\t\t\t\t<\/div>\n\t\t\t\t<\/div>\n\t\t\t\t\t<\/div>\n\t\t\t\t<\/div>\n\t\t\t\t<\/div>\n\t\t","protected":false},"excerpt":{"rendered":"<p>Salle Vendrina \u00e0 Vendrennes CoWatt c\u2019est nous\u00a0! Construisons l&#8217;avenir de CoWatt\u00a0! CoWatt en f\u00eate, c\u2019est LA journ\u00e9e pour d\u00e9couvrir les [&hellip;]<\/p>\n","protected":false},"author":2,"featured_media":10180,"comment_status":"closed","ping_status":"closed","sticky":false,"template":"","format":"standard","meta":{"site-sidebar-layout":"default","site-content-layout":"","ast-site-content-layout":"","site-content-style":"default","site-sidebar-style":"default","ast-global-header-display":"","ast-banner-title-visibility":"","ast-main-header-display":"","ast-hfb-above-header-display":"","ast-hfb-below-header-display":"","ast-hfb-mobile-header-display":"","site-post-title":"","ast-breadcrumbs-content":"","ast-featured-img":"","footer-sml-layout":"","theme-transparent-header-meta":"","adv-header-id-meta":"","stick-header-meta":"","header-above-stick-meta":"","header-main-stick-meta":"","header-below-stick-meta":"","astra-migrate-meta-layouts":"default","ast-page-background-enabled":"default","ast-page-background-meta":{"desktop":{"background-color":"var(--ast-global-color-4)","background-image":"","background-repeat":"repeat","background-position":"center center","background-size":"auto","background-attachment":"scroll","background-type":"","background-media":"","overlay-type":"","overlay-color":"","overlay-gradient":""},"tablet":{"background-color":"","background-image":"","background-repeat":"repeat","background-position":"center center","background-size":"auto","background-attachment":"scroll","background-type":"","background-media":"","overlay-type":"","overlay-color":"","overlay-gradient":""},"mobile":{"background-color":"","background-image":"","background-repeat":"repeat","background-position":"center center","background-size":"auto","background-attachment":"scroll","background-type":"","background-media":"","overlay-type":"","overlay-color":"","overlay-gradient":""}},"ast-content-background-meta":{"desktop":{"background-color":"var(--ast-global-color-5)","background-image":"","background-repeat":"repeat","background-position":"center center","background-size":"auto","background-attachment":"scroll","background-type":"","background-media":"","overlay-type":"","overlay-color":"","overlay-gradient":""},"tablet":{"background-color":"var(--ast-global-color-5)","background-image":"","background-repeat":"repeat","background-position":"center center","background-size":"auto","background-attachment":"scroll","background-type":"","background-media":"","overlay-type":"","overlay-color":"","overlay-gradient":""},"mobile":{"background-color":"var(--ast-global-color-5)","background-image":"","background-repeat":"repeat","background-position":"center center","background-size":"auto","background-attachment":"scroll","background-type":"","background-media":"","overlay-type":"","overlay-color":"","overlay-gradient":""}},"footnotes":""},"categories":[19],"tags":[],"class_list":["post-10177","post","type-post","status-publish","format-standard","has-post-thumbnail","hentry","category-actualites"],"aioseo_notices":[],"_links":{"self":[{"href":"https:\/\/toitsausoleil.org\/index.php\/wp-json\/wp\/v2\/posts\/10177","targetHints":{"allow":["GET"]}}],"collection":[{"href":"https:\/\/toitsausoleil.org\/index.php\/wp-json\/wp\/v2\/posts"}],"about":[{"href":"https:\/\/toitsausoleil.org\/index.php\/wp-json\/wp\/v2\/types\/post"}],"author":[{"embeddable":true,"href":"https:\/\/toitsausoleil.org\/index.php\/wp-json\/wp\/v2\/users\/2"}],"replies":[{"embeddable":true,"href":"https:\/\/toitsausoleil.org\/index.php\/wp-json\/wp\/v2\/comments?post=10177"}],"version-history":[{"count":17,"href":"https:\/\/toitsausoleil.org\/index.php\/wp-json\/wp\/v2\/posts\/10177\/revisions"}],"predecessor-version":[{"id":10246,"href":"https:\/\/toitsausoleil.org\/index.php\/wp-json\/wp\/v2\/posts\/10177\/revisions\/10246"}],"wp:featuredmedia":[{"embeddable":true,"href":"https:\/\/toitsausoleil.org\/index.php\/wp-json\/wp\/v2\/media\/10180"}],"wp:attachment":[{"href":"https:\/\/toitsausoleil.org\/index.php\/wp-json\/wp\/v2\/media?parent=10177"}],"wp:term":[{"taxonomy":"category","embeddable":true,"href":"https:\/\/toitsausoleil.org\/index.php\/wp-json\/wp\/v2\/categories?post=10177"},{"taxonomy":"post_tag","embeddable":true,"href":"https:\/\/toitsausoleil.org\/index.php\/wp-json\/wp\/v2\/tags?post=10177"}],"curies":[{"name":"wp","href":"https:\/\/api.w.org\/{rel}","templated":true}]}}